[{"@context":"https:\/\/schema.org\/","@type":"Article","@id":"https:\/\/www.mertour.sk\/karl-lagerfeld-je-uz-v-dizajnerskom-nebi\/#Article","mainEntityOfPage":"https:\/\/www.mertour.sk\/karl-lagerfeld-je-uz-v-dizajnerskom-nebi\/","headline":"Karl Lagerfeld je u\u017e v dizajn\u00e9rskom nebi","name":"Karl Lagerfeld je u\u017e v dizajn\u00e9rskom nebi","description":"Vo svojich obdivuhodn\u00fdch 85 rokoch by mohol vzh\u013ead gentlemena z\u00e1vidie\u0165 p\u00e1novi Lagerfeldovi nejeden o polovicu mlad\u0161\u00ed mu\u017e. Tradi\u010dn\u00e1 biela ko\u0161e\u013ea, dokonale padn\u00face \u010dierne sako, rukavice bez prstov, tmav\u00e9 okuliare a [&hellip;]","datePublished":"2018-12-24","dateModified":"2023-04-28","author":{"@type":"Person","@id":"https:\/\/www.mertour.sk\/author\/#Person","name":"","url":"https:\/\/www.mertour.sk\/author\/","identifier":1,"image":{"@type":"ImageObject","@id":"https:\/\/secure.gravatar.com\/avatar\/9bbe1b3bd68cf5b616cc697a459b86e3be4df6c120806baf939f8aad94b0a3d6?s=96&d=mm&r=g","url":"https:\/\/secure.gravatar.com\/avatar\/9bbe1b3bd68cf5b616cc697a459b86e3be4df6c120806baf939f8aad94b0a3d6?s=96&d=mm&r=g","height":96,"width":96}},"publisher":{"@type":"Organization","name":"mertour.sk","logo":{"@type":"ImageObject","@id":"\/logo.png","url":"\/logo.png","width":600,"height":60}},"image":{"@type":"ImageObject","@id":"https:\/\/www.mertour.sk\/wp-content\/uploads\/img_a297314_w16685_t1551014035.jpg","url":"https:\/\/www.mertour.sk\/wp-content\/uploads\/img_a297314_w16685_t1551014035.jpg","height":0,"width":0},"url":"https:\/\/www.mertour.sk\/karl-lagerfeld-je-uz-v-dizajnerskom-nebi\/","about":["\u017deny"],"wordCount":385,"articleBody":"Vo svojich obdivuhodn\u00fdch 85 rokoch by mohol vzh\u013ead gentlemena z\u00e1vidie\u0165 p\u00e1novi Lagerfeldovi nejeden o polovicu mlad\u0161\u00ed mu\u017e. Tradi\u010dn\u00e1 biela ko\u0161e\u013ea, dokonale padn\u00face \u010dierne sako, rukavice bez prstov, tmav\u00e9 okuliare a vysok\u00fd golier &#8211; tak sa zap\u00ed\u0161e do kroniky svetovej m\u00f3dy.  Karl Lagerfeld patril k h\u0155stke dizajn\u00e9rov, ktor\u00ed aj vo ve\u013emi vysokom veku zvl\u00e1dali pozoruhodn\u00e9 pracovn\u00e9 tempo. Do roka st\u00edhal vytvori\u0165 viac ne\u017e 10 kolekci\u00ed pre najzn\u00e1mej\u0161ie m\u00f3dne domy, do poslednej chv\u00edle spolupracoval napr\u00edklad so Chanelom alebo m\u00f3dnou zna\u010dkou Fendi. Bol charakteristick\u00fd triezvym poh\u013eadom na cel\u00fd m\u00f3dny priemysel. I napriek tomu, \u017ee oble\u010denie pova\u017eoval za umenie a jeho tvorba ho nap\u013a\u0148ala nieko\u013eko desa\u0165ro\u010d\u00ed, ve\u013emi dobre si uvedomoval, \u017ee ide v prvom rade o komer\u010dn\u00fd sektor, ktor\u00fd ani z\u010faleka nedefinuje kr\u00e1su. Ako mu\u017e s bohat\u00fdmi sk\u00fasenos\u0165ami razil ideol\u00f3giu v\u00fdnimo\u010dnosti a hlb\u0161ej kr\u00e1sy. V jednom rozhovore povedal slov\u00e1, ktor\u00e9 by si mala vzia\u0165 k srdcu ka\u017ed\u00e1 d\u00e1ma: \u201cNem\u00e1m r\u00e1d \u0161tandardizovan\u00fa kr\u00e1su. Kr\u00e1sa bez zvl\u00e1\u0161tnost\u00ed nie je \u017eiadna kr\u00e1sa.\u201d Spome\u0148me si na slov\u00e1 v\u017edy, ke\u010f sa budeme mra\u010di\u0165 na zrkadlo kv\u00f4li zop\u00e1r peh\u00e1m navy\u0161e.  Na Karla spom\u00ednaj\u00fa mnoh\u00e9 osobnosti svetov\u00e9ho m\u00f3dneho priemyslu. Victoria Beckham uverejnila na svojom instagrame: \u201cNeskuto\u010dne smutn\u00e9 po\u010du\u0165 t\u00fato spr\u00e1vu. Karl bol g\u00e9nius a bol ku mne v\u017edy ve\u013emi mil\u00fd a \u0161tedr\u00fd &#8211; profesion\u00e1lne i osobne. Odpo\u010d\u00edvaj v pokoji.\u201d Kylie Minogue sa vyznala, \u017ee milovala spolupr\u00e1cu s n\u00edm. \u201cUnik\u00e1tny, majstrovsk\u00fd, z\u00e1bavn\u00fd a \u0161tedr\u00fd. RIP.\u201d Na velik\u00e1na svetovej m\u00f3dy spom\u00edna i topmodelka Claudia Shiffer. Na svojom instagramovom \u00fa\u010dte si zaspom\u00ednala na svoje za\u010diatky vo fashion biznise: \u201cKarl ma premenil z hanbliv\u00e9ho nemeck\u00e9ho diev\u010datka na topmodelku. U\u010dil ma o m\u00f3de, \u0161t\u00fdle a o tom, ako pre\u017ei\u0165 v tejto brand\u017ei. Bol jedinou osobou, ktor\u00e1 dok\u00e1zala ur\u010di\u0165 \u010dierno-bielu kombin\u00e1ciou farebnou.\u201d Dodala, \u017ee Karl Lagerfeld bol pre m\u00f3du to ist\u00e9, ako Andy Warhol pre umenie &#8211; a n\u00e1m neost\u00e1va in\u00e9, ne\u017e s\u00fahlasi\u0165.                                                                                                                                                                                                                                                                                                                                                                                        4.6\/5 - (5 votes)        "},{"@context":"https:\/\/schema.org\/","@type":"BreadcrumbList","itemListElement":[{"@type":"ListItem","position":1,"name":"Karl Lagerfeld je u\u017e v dizajn\u00e9rskom nebi","item":"https:\/\/www.mertour.sk\/karl-lagerfeld-je-uz-v-dizajnerskom-nebi\/#breadcrumbitem"}]}]